{"id":1,"date":"2021-12-13T20:11:31","date_gmt":"2021-12-13T20:11:31","guid":{"rendered":"https:\/\/ilhadigitalsc.com.br\/sitenovo\/?p=1"},"modified":"2022-01-10T17:14:51","modified_gmt":"2022-01-10T17:14:51","slug":"pequenos-negocios-tem-ate-o-dia-31-para-aderir-ao-simples-nacional","status":"publish","type":"post","link":"https:\/\/ilhadigitalsc.com.br\/ilhadigital\/pequenos-negocios-tem-ate-o-dia-31-para-aderir-ao-simples-nacional\/","title":{"rendered":"Pequenos neg\u00f3cios t\u00eam at\u00e9 o dia 31 para aderir ao Simples Nacional"},"content":{"rendered":"\n<p>O prazo para que os micro e pequenos empreendedores que foram exclu\u00eddos do sistema de tributa\u00e7\u00e3o Simples Nacional \u2013 regime que agrega em uma s\u00f3 tarifa impostos federais, estaduais e previdenci\u00e1rios \u2013 t\u00eam at\u00e9 o dia 31 de janeiro, sexta-feira, para regularizar pend\u00eancias e aderir novamente ao modelo de tributa\u00e7\u00e3o.<\/p>\n\n\n\n<p>Para retornar ao sistema, empreendedores n\u00e3o podem ter d\u00e9bito com a Receita Federal ou a Procuradoria-Geral da Fazenda Nacional. O prazo tamb\u00e9m se aplica aos empres\u00e1rios interessados em aderir ao regime pela primeira vez. Se o contribuinte tiver o pedido de reinclus\u00e3o no Simples aprovado, a empresa ser\u00e1 readmitida no regime com data retroativa a 1\u00ba de janeiro.<\/p>\n\n\n\n<p>Para empresas em in\u00edcio de atividade, o prazo para a solicita\u00e7\u00e3o \u00e9 de 30 dias contados do \u00faltimo deferimento de inscri\u00e7\u00e3o municipal ou estadual, e desde que n\u00e3o tenham decorridos 180 dias da data de abertura do Cadastro Nacional de Pessoas Jur\u00eddicas (CNPJ ). Para empresas abertas a partir de 1\u00ba de janeiro de 2020, o prazo de ades\u00e3o \u00e9 de 60 dias. Todo o processo de ades\u00e3o \u00e9 feito exclusivamente pela internet, por meio do&nbsp;<a href=\"http:\/\/www8.receita.fazenda.gov.br\/SimplesNacional\/\" target=\"_blank\" rel=\"noreferrer noopener\">Portal do Simples Nacional<\/a>.<\/p>\n\n\n\n<p>O Simples agrega oito tributos de uma \u00fanica vez, o que reduz os custos tribut\u00e1rios e diminui a burocracia para a manuten\u00e7\u00e3o dos neg\u00f3cios. O devedor tem a op\u00e7\u00e3o de realizar o pagamento \u00e0 vista, abater parte da d\u00edvida com cr\u00e9ditos tribut\u00e1rios ou parcelar os d\u00e9bitos em at\u00e9 cinco anos com o pagamento de juros e multa.<\/p>\n\n\n\n<p>Segundo informa\u00e7\u00f5es da Receita Federal, as principais irregularidades que levam \u00e0 exclus\u00e3o do Simples s\u00e3o a falta de documentos, excesso de faturamento, d\u00e9bitos tribut\u00e1rios, parcelamentos pendentes ou o exerc\u00edcio pela empresa de atividades n\u00e3o inclu\u00eddas nesse regime de tributa\u00e7\u00e3o.<\/p>\n\n\n\n<p>Fonte<a href=\"https:\/\/www.aarb.org.br\/pequenos-negocios-tem-ate-o-dia-31-para-aderir-ao-simples-nacional\/\">: Ag\u00eancia Brasil<\/a><\/p>\n","protected":false},"excerpt":{"rendered":"<p>O prazo para que os micro e pequenos empreendedores que foram exclu\u00eddos do sistema de tributa\u00e7\u00e3o Simples Nacional \u2013 regime que agrega em uma s\u00f3 tarifa impostos federais, estaduais e previdenci\u00e1rios \u2013 t\u00eam at\u00e9 o dia 31 de janeiro, sexta-feira, para regularizar pend\u00eancias e aderir novamente ao modelo de tributa\u00e7\u00e3o. Para retornar ao sistema, empreendedores &hellip; <\/p>\n<p class=\"link-more\"><a href=\"https:\/\/ilhadigitalsc.com.br\/ilhadigital\/pequenos-negocios-tem-ate-o-dia-31-para-aderir-ao-simples-nacional\/\" class=\"more-link\">Continuar a ler <span class=\"screen-reader-text\">&#8220;Pequenos neg\u00f3cios t\u00eam at\u00e9 o dia 31 para aderir ao Simples Nacional&#8221;<\/span><\/a><\/p>\n","protected":false},"author":1,"featured_media":227,"comment_status":"open","ping_status":"open","sticky":false,"template":"","format":"standard","meta":{"footnotes":""},"categories":[1],"tags":[],"class_list":["post-1","post","type-post","status-publish","format-standard","has-post-thumbnail","hentry","category-uncategorized","entry"],"_links":{"self":[{"href":"https:\/\/ilhadigitalsc.com.br\/ilhadigital\/wp-json\/wp\/v2\/posts\/1","targetHints":{"allow":["GET"]}}],"collection":[{"href":"https:\/\/ilhadigitalsc.com.br\/ilhadigital\/wp-json\/wp\/v2\/posts"}],"about":[{"href":"https:\/\/ilhadigitalsc.com.br\/ilhadigital\/wp-json\/wp\/v2\/types\/post"}],"author":[{"embeddable":true,"href":"https:\/\/ilhadigitalsc.com.br\/ilhadigital\/wp-json\/wp\/v2\/users\/1"}],"replies":[{"embeddable":true,"href":"https:\/\/ilhadigitalsc.com.br\/ilhadigital\/wp-json\/wp\/v2\/comments?post=1"}],"version-history":[{"count":1,"href":"https:\/\/ilhadigitalsc.com.br\/ilhadigital\/wp-json\/wp\/v2\/posts\/1\/revisions"}],"predecessor-version":[{"id":228,"href":"https:\/\/ilhadigitalsc.com.br\/ilhadigital\/wp-json\/wp\/v2\/posts\/1\/revisions\/228"}],"wp:featuredmedia":[{"embeddable":true,"href":"https:\/\/ilhadigitalsc.com.br\/ilhadigital\/wp-json\/wp\/v2\/media\/227"}],"wp:attachment":[{"href":"https:\/\/ilhadigitalsc.com.br\/ilhadigital\/wp-json\/wp\/v2\/media?parent=1"}],"wp:term":[{"taxonomy":"category","embeddable":true,"href":"https:\/\/ilhadigitalsc.com.br\/ilhadigital\/wp-json\/wp\/v2\/categories?post=1"},{"taxonomy":"post_tag","embeddable":true,"href":"https:\/\/ilhadigitalsc.com.br\/ilhadigital\/wp-json\/wp\/v2\/tags?post=1"}],"curies":[{"name":"wp","href":"https:\/\/api.w.org\/{rel}","templated":true}]}}